{"id":11580,"date":"2024-03-13T12:30:57","date_gmt":"2024-03-13T11:30:57","guid":{"rendered":"https:\/\/www.nominette.com\/blog?p=11580"},"modified":"2024-03-13T14:12:51","modified_gmt":"2024-03-13T13:12:51","slug":"hoe-kies-je-een-commercieel-label-voor-je-bedrijf","status":"publish","type":"post","link":"https:\/\/www.nominette.nl\/blog\/eigen-bedrijf\/hoe-kies-je-een-commercieel-label-voor-je-bedrijf","title":{"rendered":"Hoe kies je een commercieel label voor je bedrijf?"},"content":{"rendered":"\n<p>Een nieuwe collectie vraagt om een merklabel. Of het nu gaat om je allereerste collectie of een collectie voor het nieuwe seizoen, een commercieel label maakt het helemaal af. Hoe kies je een commercieel label voor je bedrijf? We laten je zien wat de mogelijkheden zijn voor een merklabel.<\/p>\n\n\n\n<h2 class=\"wp-block-heading\"><strong>Je eigen professionele kledinglabels, wat moet ik kiezen?<\/strong><\/h2>\n\n\n\n<p>Er zijn verschillende mogelijkheden voor een professioneel <a href=\"https:\/\/www.nominette.nl\/kledinglabel-25mm\" target=\"_blank\" rel=\"noreferrer noopener\">kledinglabel<\/a>. Zo kun je kiezen voor een geweven label of een bedrukt label. Het voordeel van een geweven label is dat je label niet zal vervagen of zal veranderen van kleur. Zo blijft een geweven label jarenlang goed, ook na veelvuldig wassen en intensief gebruik. Daarnaast ziet een geweven label er natuurlijk een stuk luxer uit dan een bedrukt label.<\/p>\n\n\n\n<h2 class=\"wp-block-heading\"><strong>Een professioneel label met je merknaam<\/strong><\/h2>\n\n\n\n<p>Als je op zoek bent naar een kledinglabel met je eigen merknaam, kies dan voor de <a href=\"https:\/\/www.nominette.nl\/kledinglabel-25mm\" target=\"_blank\" rel=\"noreferrer noopener\">geweven kledinglabels<\/a> van Nominette. Bij dit type label heb je geen eigen logo nodig, maar ontwerp je gemakkelijk een label met je eigen merknaam en tekst. Je kunt kiezen voor een staand of liggend label en kunt kiezen uit verschillende lettertypen. Zo sluit er altijd wel een lettertype aan bij de uitstraling van jouw merk. Optioneel kun je ook kiezen voor kledinglabels met de wasvoorschriften van jouw items.<\/p>\n\n\n\n<p>Je kunt kiezen uit een ruim aanbod aan kleuren. Van licht tot donker, van pastel tot fluorescerend en van zilver tot goud. De mogelijkheden zijn eindeloos.<\/p>\n\n\n\n<figure class=\"wp-block-image size-large\"><a href=\"https:\/\/www.nominette.nl\/blog\/wp-content\/uploads\/2024\/03\/British-Sewing-kleiner-1-scaled.jpg\"><img loading=\"lazy\" decoding=\"async\" width=\"1024\" height=\"768\" src=\"https:\/\/www.nominette.nl\/blog\/wp-content\/uploads\/2024\/03\/British-Sewing-kleiner-1-1024x768.jpg\" alt=\"Hoe kies je een commercieel label voor je bedrijf?\" class=\"wp-image-11610\" srcset=\"https:\/\/www.nominette.nl\/blog\/wp-content\/uploads\/2024\/03\/British-Sewing-kleiner-1-1024x768.jpg 1024w, https:\/\/www.nominette.nl\/blog\/wp-content\/uploads\/2024\/03\/British-Sewing-kleiner-1-300x225.jpg 300w, https:\/\/www.nominette.nl\/blog\/wp-content\/uploads\/2024\/03\/British-Sewing-kleiner-1-768x576.jpg 768w, https:\/\/www.nominette.nl\/blog\/wp-content\/uploads\/2024\/03\/British-Sewing-kleiner-1-1536x1152.jpg 1536w, https:\/\/www.nominette.nl\/blog\/wp-content\/uploads\/2024\/03\/British-Sewing-kleiner-1-2048x1536.jpg 2048w\" sizes=\"auto, (max-width: 1024px) 100vw, 1024px\" \/><\/a><\/figure>\n\n\n\n<h2 class=\"wp-block-heading\"><strong>Een professioneel label met je eigen logo<\/strong><\/h2>\n\n\n\n<p>Heb je een eigen bedrijfslogo en wil je ook graag een commercieel label met je eigen logo? Bij Nominette kun je ook kiezen voor een <a href=\"https:\/\/www.nominette.nl\/kledinglabel-logo-25mm\" target=\"_blank\" rel=\"noreferrer noopener\">label met logo<\/a>. Upload eenvoudig je logo op onze website en kies tussen een van de verschillende labeltypen. Zo kun je kiezen voor een liggend of staand label en een label met middenvouw of eindvouw. Ook kies je zelf een labelbreedte van 15mm, 25mm of 40mm breed. Kies je bij een label met middenvouw voor je logo aan \u00e9\u00e9n zijde, aan beide zijden of kies je voor een label met aan \u00e9\u00e9n zijde je logo, en aan de andere zijde de wasvoorschriften van je items? De keuze is aan jou!<\/p>\n\n\n\n<figure class=\"wp-block-image size-large\"><a href=\"https:\/\/www.nominette.nl\/blog\/wp-content\/uploads\/2024\/03\/1.jpg\"><img loading=\"lazy\" decoding=\"async\" width=\"1024\" height=\"683\" src=\"https:\/\/www.nominette.nl\/blog\/wp-content\/uploads\/2024\/03\/1-1024x683.jpg\" alt=\"Hoe kies je een commercieel label voor je bedrijf?\" class=\"wp-image-11586\" srcset=\"https:\/\/www.nominette.nl\/blog\/wp-content\/uploads\/2024\/03\/1-1024x683.jpg 1024w, https:\/\/www.nominette.nl\/blog\/wp-content\/uploads\/2024\/03\/1-300x200.jpg 300w, https:\/\/www.nominette.nl\/blog\/wp-content\/uploads\/2024\/03\/1-768x512.jpg 768w, https:\/\/www.nominette.nl\/blog\/wp-content\/uploads\/2024\/03\/1.jpg 1500w\" sizes=\"auto, (max-width: 1024px) 100vw, 1024px\" \/><\/a><\/figure>\n\n\n\n<h2 class=\"wp-block-heading\"><strong>Maatlabels voor jouw merk<\/strong><\/h2>\n\n\n\n<p>Ook <a href=\"https:\/\/www.nominette.nl\/maatlabels\" target=\"_blank\" rel=\"noreferrer noopener\">maatlabels<\/a> bestel je super snel via Nominette. Zo kun je kiezen voor labels in de door jou gewenste maat. Deze worden op bestelling geweven. Of je kiest voor een <a href=\"https:\/\/www.nominette.nl\/Standaard-Maatlabel\" target=\"_blank\" rel=\"noreferrer noopener\">standaard set maatlabels<\/a>, waarbij je een mix ontvangt van de meest voorkomende maten. Onze maatlabels zijn perfect te combineren met je geweven merklabels van Nominette.<\/p>\n\n\n\n<figure class=\"wp-block-image size-full\"><a href=\"https:\/\/www.nominette.nl\/blog\/wp-content\/uploads\/2024\/03\/3.jpg\"><img loading=\"lazy\" decoding=\"async\" width=\"1000\" height=\"800\" src=\"https:\/\/www.nominette.nl\/blog\/wp-content\/uploads\/2024\/03\/3.jpg\" alt=\"Hoe kies je een commercieel label voor je bedrijf?\" class=\"wp-image-11591\" srcset=\"https:\/\/www.nominette.nl\/blog\/wp-content\/uploads\/2024\/03\/3.jpg 1000w, https:\/\/www.nominette.nl\/blog\/wp-content\/uploads\/2024\/03\/3-300x240.jpg 300w, https:\/\/www.nominette.nl\/blog\/wp-content\/uploads\/2024\/03\/3-768x614.jpg 768w\" sizes=\"auto, (max-width: 1000px) 100vw, 1000px\" \/><\/a><\/figure>\n\n\n\n<h2 class=\"wp-block-heading\"><strong>Een duurzaam merklabel dat aansluit bij je merkwaarden<\/strong><\/h2>\n\n\n\n<p>Heb je als bedrijf duurzaamheid hoog in het vaandel staan, dan wil je dit natuurlijk ook uitstralen middels je branding en merklabel. Bij Nominette bestel je duurzaam geweven merklabels. Onze labels worden in onze eigen fabriek in Belgi\u00eb geweven met gerecycled garen, gemaakt van gebruikte PET-flessen. Zo is zelfs de finishing touch aan je product op duurzame wijze geproduceerd.<\/p>\n\n\n\n<h2 class=\"wp-block-heading\"><strong>Onze selectie professionele merklabels<\/strong><\/h2>\n\n\n\n<ul class=\"wp-block-list\">\n<li><a href=\"https:\/\/www.nominette.nl\/kledinglabel-25mm\" target=\"_blank\" rel=\"noreferrer noopener\">Professionele kledinglabels<\/a><\/li>\n\n\n\n<li><a href=\"https:\/\/www.nominette.nl\/kledinglabel-logo-25mm\" target=\"_blank\" rel=\"noreferrer noopener\">Professionele kledinglabels met logo<\/a><\/li>\n\n\n\n<li><a href=\"https:\/\/www.nominette.nl\/maatlabels\" target=\"_blank\" rel=\"noreferrer noopener\">Maatlabels op bestelling<\/a><\/li>\n\n\n\n<li><a href=\"https:\/\/www.nominette.nl\/Standaard-Maatlabel\" target=\"_blank\" rel=\"noreferrer noopener\">Standaard maatlabels<\/a><\/li>\n<\/ul>\n\n\n\n<p>Bestel nu jouw duurzaam geproduceerde <a href=\"https:\/\/www.nominette.nl\/kledinglabel-25mm\">commerci\u00eble labels<\/a> bij Nominette. Op een werkdag voor 15.00 uur besteld = de volgende werkdag verzonden!<\/p>\n","protected":false},"excerpt":{"rendered":"<p>Een nieuwe collectie vraagt om een merklabel. Of het nu gaat om je allereerste collectie of een collectie voor het nieuwe seizoen, een commercieel label maakt het helemaal af. Hoe kies je een commercieel label voor je bedrijf? We laten je zien wat de mogelijkheden zijn voor een merklabel. Je eigen professionele kledinglabels, wat moet&hellip;<\/p>\n","protected":false},"author":1,"featured_media":11616,"comment_status":"closed","ping_status":"closed","sticky":false,"template":"","format":"standard","meta":{"footnotes":""},"categories":[208],"tags":[],"class_list":["post-11580","post","type-post","status-publish","format-standard","has-post-thumbnail","hentry","category-eigen-bedrijf"],"yoast_head":"<!-- This site is optimized with the Yoast SEO plugin v24.7 - https:\/\/yoast.com\/wordpress\/plugins\/seo\/ -->\n<title>Hoe kies je een commercieel label voor je bedrijf? - Nominette<\/title>\n<meta name=\"description\" content=\"Hoe kies je een commercieel label voor je bedrijf? We laten je zien wat de mogelijkheden zijn voor een merklabel.\" \/>\n<meta name=\"robots\" content=\"index, follow, max-snippet:-1, max-image-preview:large, max-video-preview:-1\" \/>\n<link rel=\"canonical\" href=\"https:\/\/www.nominette.nl\/blog\/eigen-bedrijf\/hoe-kies-je-een-commercieel-label-voor-je-bedrijf\" \/>\n<meta property=\"og:locale\" content=\"nl_NL\" \/>\n<meta property=\"og:type\" content=\"article\" \/>\n<meta property=\"og:title\" content=\"Hoe kies je een commercieel label voor je bedrijf? - Nominette\" \/>\n<meta property=\"og:description\" content=\"Hoe kies je een commercieel label voor je bedrijf? We laten je zien wat de mogelijkheden zijn voor een merklabel.\" \/>\n<meta property=\"og:url\" content=\"https:\/\/www.nominette.nl\/blog\/eigen-bedrijf\/hoe-kies-je-een-commercieel-label-voor-je-bedrijf\" \/>\n<meta property=\"og:site_name\" content=\"Nominette\" \/>\n<meta property=\"article:publisher\" content=\"https:\/\/www.facebook.com\/Nominette\" \/>\n<meta property=\"article:published_time\" content=\"2024-03-13T11:30:57+00:00\" \/>\n<meta property=\"article:modified_time\" content=\"2024-03-13T13:12:51+00:00\" \/>\n<meta property=\"og:image\" content=\"https:\/\/www.nominette.nl\/blog\/wp-content\/uploads\/2024\/03\/British-Sewing-kleiner-2-scaled.jpg\" \/>\n\t<meta property=\"og:image:width\" content=\"2560\" \/>\n\t<meta property=\"og:image:height\" content=\"1920\" \/>\n\t<meta property=\"og:image:type\" content=\"image\/jpeg\" \/>\n<meta name=\"author\" content=\"Nominette\" \/>\n<meta name=\"twitter:card\" content=\"summary_large_image\" \/>\n<meta name=\"twitter:creator\" content=\"@nominette\" \/>\n<meta name=\"twitter:site\" content=\"@nominette\" \/>\n<meta name=\"twitter:label1\" content=\"Geschreven door\" \/>\n\t<meta name=\"twitter:data1\" content=\"Nominette\" \/>\n\t<meta name=\"twitter:label2\" content=\"Geschatte leestijd\" \/>\n\t<meta name=\"twitter:data2\" content=\"4 minuten\" \/>\n<script type=\"application\/ld+json\" class=\"yoast-schema-graph\">{\"@context\":\"https:\/\/schema.org\",\"@graph\":[{\"@type\":\"WebPage\",\"@id\":\"https:\/\/www.nominette.nl\/blog\/eigen-bedrijf\/hoe-kies-je-een-commercieel-label-voor-je-bedrijf\",\"url\":\"https:\/\/www.nominette.nl\/blog\/eigen-bedrijf\/hoe-kies-je-een-commercieel-label-voor-je-bedrijf\",\"name\":\"Hoe kies je een commercieel label voor je bedrijf? - Nominette\",\"isPartOf\":{\"@id\":\"https:\/\/www.nominette.nl\/blog#website\"},\"primaryImageOfPage\":{\"@id\":\"https:\/\/www.nominette.nl\/blog\/eigen-bedrijf\/hoe-kies-je-een-commercieel-label-voor-je-bedrijf#primaryimage\"},\"image\":{\"@id\":\"https:\/\/www.nominette.nl\/blog\/eigen-bedrijf\/hoe-kies-je-een-commercieel-label-voor-je-bedrijf#primaryimage\"},\"thumbnailUrl\":\"https:\/\/www.nominette.nl\/blog\/wp-content\/uploads\/2024\/03\/British-Sewing-kleiner-2-scaled.jpg\",\"datePublished\":\"2024-03-13T11:30:57+00:00\",\"dateModified\":\"2024-03-13T13:12:51+00:00\",\"author\":{\"@id\":\"https:\/\/www.nominette.nl\/blog#\/schema\/person\/365e9a7b5a80cfd63ce70841993dafc6\"},\"description\":\"Hoe kies je een commercieel label voor je bedrijf? We laten je zien wat de mogelijkheden zijn voor een merklabel.\",\"breadcrumb\":{\"@id\":\"https:\/\/www.nominette.nl\/blog\/eigen-bedrijf\/hoe-kies-je-een-commercieel-label-voor-je-bedrijf#breadcrumb\"},\"inLanguage\":\"nl-NL\",\"potentialAction\":[{\"@type\":\"ReadAction\",\"target\":[\"https:\/\/www.nominette.nl\/blog\/eigen-bedrijf\/hoe-kies-je-een-commercieel-label-voor-je-bedrijf\"]}]},{\"@type\":\"ImageObject\",\"inLanguage\":\"nl-NL\",\"@id\":\"https:\/\/www.nominette.nl\/blog\/eigen-bedrijf\/hoe-kies-je-een-commercieel-label-voor-je-bedrijf#primaryimage\",\"url\":\"https:\/\/www.nominette.nl\/blog\/wp-content\/uploads\/2024\/03\/British-Sewing-kleiner-2-scaled.jpg\",\"contentUrl\":\"https:\/\/www.nominette.nl\/blog\/wp-content\/uploads\/2024\/03\/British-Sewing-kleiner-2-scaled.jpg\",\"width\":2560,\"height\":1920,\"caption\":\"Hoe kies je een commercieel label voor je bedrijf?\"},{\"@type\":\"BreadcrumbList\",\"@id\":\"https:\/\/www.nominette.nl\/blog\/eigen-bedrijf\/hoe-kies-je-een-commercieel-label-voor-je-bedrijf#breadcrumb\",\"itemListElement\":[{\"@type\":\"ListItem\",\"position\":1,\"name\":\"Home\",\"item\":\"https:\/\/www.nominette.nl\/blog\"},{\"@type\":\"ListItem\",\"position\":2,\"name\":\"Hoe kies je een commercieel label voor je bedrijf?\"}]},{\"@type\":\"WebSite\",\"@id\":\"https:\/\/www.nominette.nl\/blog#website\",\"url\":\"https:\/\/www.nominette.nl\/blog\",\"name\":\"Nominette\",\"description\":\"gepersonaliseerde labels voor handgemaakte spulletjes\",\"potentialAction\":[{\"@type\":\"SearchAction\",\"target\":{\"@type\":\"EntryPoint\",\"urlTemplate\":\"https:\/\/www.nominette.nl\/blog?s={search_term_string}\"},\"query-input\":{\"@type\":\"PropertyValueSpecification\",\"valueRequired\":true,\"valueName\":\"search_term_string\"}}],\"inLanguage\":\"nl-NL\"},{\"@type\":\"Person\",\"@id\":\"https:\/\/www.nominette.nl\/blog#\/schema\/person\/365e9a7b5a80cfd63ce70841993dafc6\",\"name\":\"Nominette\",\"image\":{\"@type\":\"ImageObject\",\"inLanguage\":\"nl-NL\",\"@id\":\"https:\/\/www.nominette.nl\/blog#\/schema\/person\/image\/\",\"url\":\"https:\/\/secure.gravatar.com\/avatar\/6ab92dc068d690f939e3a4dc1373a3030899b42a58fd9e031f614af68b9db652?s=96&d=mm&r=g\",\"contentUrl\":\"https:\/\/secure.gravatar.com\/avatar\/6ab92dc068d690f939e3a4dc1373a3030899b42a58fd9e031f614af68b9db652?s=96&d=mm&r=g\",\"caption\":\"Nominette\"},\"url\":\"https:\/\/www.nominette.nl\/blog\/author\/nominette\"}]}<\/script>\n<!-- \/ Yoast SEO plugin. -->","yoast_head_json":{"title":"Hoe kies je een commercieel label voor je bedrijf? - Nominette","description":"Hoe kies je een commercieel label voor je bedrijf? We laten je zien wat de mogelijkheden zijn voor een merklabel.","robots":{"index":"index","follow":"follow","max-snippet":"max-snippet:-1","max-image-preview":"max-image-preview:large","max-video-preview":"max-video-preview:-1"},"canonical":"https:\/\/www.nominette.nl\/blog\/eigen-bedrijf\/hoe-kies-je-een-commercieel-label-voor-je-bedrijf","og_locale":"nl_NL","og_type":"article","og_title":"Hoe kies je een commercieel label voor je bedrijf? - Nominette","og_description":"Hoe kies je een commercieel label voor je bedrijf? We laten je zien wat de mogelijkheden zijn voor een merklabel.","og_url":"https:\/\/www.nominette.nl\/blog\/eigen-bedrijf\/hoe-kies-je-een-commercieel-label-voor-je-bedrijf","og_site_name":"Nominette","article_publisher":"https:\/\/www.facebook.com\/Nominette","article_published_time":"2024-03-13T11:30:57+00:00","article_modified_time":"2024-03-13T13:12:51+00:00","og_image":[{"width":2560,"height":1920,"url":"https:\/\/www.nominette.nl\/blog\/wp-content\/uploads\/2024\/03\/British-Sewing-kleiner-2-scaled.jpg","type":"image\/jpeg"}],"author":"Nominette","twitter_card":"summary_large_image","twitter_creator":"@nominette","twitter_site":"@nominette","twitter_misc":{"Geschreven door":"Nominette","Geschatte leestijd":"4 minuten"},"schema":{"@context":"https:\/\/schema.org","@graph":[{"@type":"WebPage","@id":"https:\/\/www.nominette.nl\/blog\/eigen-bedrijf\/hoe-kies-je-een-commercieel-label-voor-je-bedrijf","url":"https:\/\/www.nominette.nl\/blog\/eigen-bedrijf\/hoe-kies-je-een-commercieel-label-voor-je-bedrijf","name":"Hoe kies je een commercieel label voor je bedrijf? - Nominette","isPartOf":{"@id":"https:\/\/www.nominette.nl\/blog#website"},"primaryImageOfPage":{"@id":"https:\/\/www.nominette.nl\/blog\/eigen-bedrijf\/hoe-kies-je-een-commercieel-label-voor-je-bedrijf#primaryimage"},"image":{"@id":"https:\/\/www.nominette.nl\/blog\/eigen-bedrijf\/hoe-kies-je-een-commercieel-label-voor-je-bedrijf#primaryimage"},"thumbnailUrl":"https:\/\/www.nominette.nl\/blog\/wp-content\/uploads\/2024\/03\/British-Sewing-kleiner-2-scaled.jpg","datePublished":"2024-03-13T11:30:57+00:00","dateModified":"2024-03-13T13:12:51+00:00","author":{"@id":"https:\/\/www.nominette.nl\/blog#\/schema\/person\/365e9a7b5a80cfd63ce70841993dafc6"},"description":"Hoe kies je een commercieel label voor je bedrijf? We laten je zien wat de mogelijkheden zijn voor een merklabel.","breadcrumb":{"@id":"https:\/\/www.nominette.nl\/blog\/eigen-bedrijf\/hoe-kies-je-een-commercieel-label-voor-je-bedrijf#breadcrumb"},"inLanguage":"nl-NL","potentialAction":[{"@type":"ReadAction","target":["https:\/\/www.nominette.nl\/blog\/eigen-bedrijf\/hoe-kies-je-een-commercieel-label-voor-je-bedrijf"]}]},{"@type":"ImageObject","inLanguage":"nl-NL","@id":"https:\/\/www.nominette.nl\/blog\/eigen-bedrijf\/hoe-kies-je-een-commercieel-label-voor-je-bedrijf#primaryimage","url":"https:\/\/www.nominette.nl\/blog\/wp-content\/uploads\/2024\/03\/British-Sewing-kleiner-2-scaled.jpg","contentUrl":"https:\/\/www.nominette.nl\/blog\/wp-content\/uploads\/2024\/03\/British-Sewing-kleiner-2-scaled.jpg","width":2560,"height":1920,"caption":"Hoe kies je een commercieel label voor je bedrijf?"},{"@type":"BreadcrumbList","@id":"https:\/\/www.nominette.nl\/blog\/eigen-bedrijf\/hoe-kies-je-een-commercieel-label-voor-je-bedrijf#breadcrumb","itemListElement":[{"@type":"ListItem","position":1,"name":"Home","item":"https:\/\/www.nominette.nl\/blog"},{"@type":"ListItem","position":2,"name":"Hoe kies je een commercieel label voor je bedrijf?"}]},{"@type":"WebSite","@id":"https:\/\/www.nominette.nl\/blog#website","url":"https:\/\/www.nominette.nl\/blog","name":"Nominette","description":"gepersonaliseerde labels voor handgemaakte spulletjes","potentialAction":[{"@type":"SearchAction","target":{"@type":"EntryPoint","urlTemplate":"https:\/\/www.nominette.nl\/blog?s={search_term_string}"},"query-input":{"@type":"PropertyValueSpecification","valueRequired":true,"valueName":"search_term_string"}}],"inLanguage":"nl-NL"},{"@type":"Person","@id":"https:\/\/www.nominette.nl\/blog#\/schema\/person\/365e9a7b5a80cfd63ce70841993dafc6","name":"Nominette","image":{"@type":"ImageObject","inLanguage":"nl-NL","@id":"https:\/\/www.nominette.nl\/blog#\/schema\/person\/image\/","url":"https:\/\/secure.gravatar.com\/avatar\/6ab92dc068d690f939e3a4dc1373a3030899b42a58fd9e031f614af68b9db652?s=96&d=mm&r=g","contentUrl":"https:\/\/secure.gravatar.com\/avatar\/6ab92dc068d690f939e3a4dc1373a3030899b42a58fd9e031f614af68b9db652?s=96&d=mm&r=g","caption":"Nominette"},"url":"https:\/\/www.nominette.nl\/blog\/author\/nominette"}]}},"_links":{"self":[{"href":"https:\/\/www.nominette.nl\/blog\/wp-json\/wp\/v2\/posts\/11580","targetHints":{"allow":["GET"]}}],"collection":[{"href":"https:\/\/www.nominette.nl\/blog\/wp-json\/wp\/v2\/posts"}],"about":[{"href":"https:\/\/www.nominette.nl\/blog\/wp-json\/wp\/v2\/types\/post"}],"author":[{"embeddable":true,"href":"https:\/\/www.nominette.nl\/blog\/wp-json\/wp\/v2\/users\/1"}],"replies":[{"embeddable":true,"href":"https:\/\/www.nominette.nl\/blog\/wp-json\/wp\/v2\/comments?post=11580"}],"version-history":[{"count":2,"href":"https:\/\/www.nominette.nl\/blog\/wp-json\/wp\/v2\/posts\/11580\/revisions"}],"predecessor-version":[{"id":11621,"href":"https:\/\/www.nominette.nl\/blog\/wp-json\/wp\/v2\/posts\/11580\/revisions\/11621"}],"wp:featuredmedia":[{"embeddable":true,"href":"https:\/\/www.nominette.nl\/blog\/wp-json\/wp\/v2\/media\/11616"}],"wp:attachment":[{"href":"https:\/\/www.nominette.nl\/blog\/wp-json\/wp\/v2\/media?parent=11580"}],"wp:term":[{"taxonomy":"category","embeddable":true,"href":"https:\/\/www.nominette.nl\/blog\/wp-json\/wp\/v2\/categories?post=11580"},{"taxonomy":"post_tag","embeddable":true,"href":"https:\/\/www.nominette.nl\/blog\/wp-json\/wp\/v2\/tags?post=11580"}],"curies":[{"name":"wp","href":"https:\/\/api.w.org\/{rel}","templated":true}]}}